{"id":2468,"global_id":"www.emapadaule.gob.ec\/web?id=2468","global_id_lineage":["www.emapadaule.gob.ec\/web?id=2468"],"author":"1","status":"publish","date":"2022-03-16 13:09:52","date_utc":"2022-03-16 18:09:52","modified":"2022-03-21 08:41:46","modified_utc":"2022-03-21 13:41:46","url":"https:\/\/www.emapadaule.gob.ec\/web\/evento\/ii-simposio-dia-mundial-del-agua-aurora\/","rest_url":"https:\/\/www.emapadaule.gob.ec\/web\/wp-json\/tribe\/events\/v1\/events\/2468","title":"II SIMPOSIO &#8211; D\u00cdA MUNDIAL DEL AGUA (AURORA)","description":"<p>La Empresa P\u00fablica Municipal de Agua Potable y Alcantarillado de Daule (EMAPA EP Daule) y la Alcald\u00eda de Daule tienen el agrado de invitar a:<\/p>\n<p style=\"text-align: center;\"><em><span style=\"font-size: 12pt;\"><strong>II SIMPOSIO &#8211; D\u00cdA MUNDIAL DEL AGUA<\/strong><\/span><\/em><\/p>\n<table style=\"border-collapse: collapse; width: 100%; height: 287px;\">\n<tbody>\n<tr style=\"height: 24px; background-color: #5b9bd5;\">\n<td style=\"width: 17.0133%; height: 24px; text-align: center;\"><span style=\"color: #ffffff;\"><strong>HORA<\/strong><\/span><\/td>\n<td style=\"width: 51.7333%; height: 24px; text-align: center;\"><span style=\"color: #ffffff;\"><strong>PONENCIAS<\/strong><\/span><\/td>\n<td style=\"width: 31.2533%; height: 24px; text-align: center;\"><span style=\"color: #ffffff;\"><strong>INSTITUCI\u00d3N<\/strong><\/span><\/td>\n<\/tr>\n<tr style=\"height: 133px;\">\n<td style=\"width: 17.0133%; height: 10px; text-align: center;\"><span style=\"font-size: 9pt;\">9H00<\/span><\/td>\n<td style=\"width: 51.7333%; height: 10px;\"><span style=\"font-size: 9pt;\"><strong>Ab. M\u00f3nica Andrade<\/strong><\/span><br \/>\n<span style=\"font-size: 9pt;\">&#8220;AGUAS SUBTERRANEAS&#8221;<\/span><br \/>\n<span style=\"font-size: 9pt;\">Hagamos Visible lo Invisible<\/span><\/td>\n<td style=\"width: 31.2533%; height: 10px; text-align: center;\"><span style=\"font-size: 9pt;\">Programa de las Naciones Unidas para el Desarrollo<\/span><\/td>\n<\/tr>\n<tr style=\"height: 133px;\">\n<td style=\"width: 17.0133%; height: 10px; text-align: center;\"><span style=\"font-size: 9pt;\">9H36<\/span><\/td>\n<td style=\"width: 51.7333%; height: 10px;\"><span style=\"font-size: 9pt;\"><strong>Ing. Christian Salazar Corrales<\/strong><\/span><br \/>\n<span style=\"font-size: 9pt;\">&#8220;FUENTES SUBTERRANEAS&#8221;<\/span><br \/>\n<span style=\"font-size: 9pt;\">Experiencia en Ecuador<\/span><\/td>\n<td style=\"width: 31.2533%; height: 10px; text-align: center;\"><span style=\"font-size: 9pt;\">Agencia de Regulaci\u00f3n y Control del Agua ARCA<\/span><\/td>\n<\/tr>\n<tr style=\"height: 174px;\">\n<td style=\"width: 17.0133%; height: 63px; text-align: center;\"><span style=\"font-size: 9pt;\">10H10<\/span><\/td>\n<td style=\"width: 51.7333%; height: 63px;\"><span style=\"font-size: 9pt;\"><strong>Ing. Rosa Pilco Veintimilla<\/strong><\/span><br \/>\n<span style=\"font-size: 9pt;\">&#8220;EXPLOTACI\u00d3N Y APROVECHAMIENTO&#8221;<\/span><br \/>\n<span style=\"font-size: 9pt;\">Requisitos para licencia y tr\u00e1mite para su autorizaci\u00f3n<\/span><\/td>\n<td style=\"width: 31.2533%; height: 63px; text-align: center;\"><span style=\"font-size: 9pt;\">Ministerio del Ambiente, Agua y Transici\u00f3n Ecol\u00f3gica<\/span><\/td>\n<\/tr>\n<tr style=\"height: 24px; background-color: #fff2cc;\">\n<td style=\"width: 17.0133%; height: 23px; text-align: center;\"><span style=\"font-size: 9pt;\">10H40<\/span><\/td>\n<td style=\"width: 51.7333%; height: 23px; text-align: center;\"><span style=\"font-size: 9pt;\">BREAK<\/span><\/td>\n<td style=\"width: 31.2533%; height: 23px;\"><\/td>\n<\/tr>\n<tr style=\"height: 171px;\">\n<td style=\"width: 17.0133%; height: 75px; text-align: center;\"><span style=\"font-size: 9pt;\">11H00<\/span><\/td>\n<td style=\"width: 51.7333%; height: 75px;\"><span style=\"font-size: 9pt;\"><strong>Ing. Ricardo Bowen<\/strong><\/span><br \/>\n<span style=\"font-size: 9pt;\">&#8220;EXPERIENCIA Y APLICABILIDAD DE LAS TUBER\u00cdAS DE POLIETILENO DE ALTA DENSIDAD (PEAD) PARA AGUA POTABLE EN ECUADOR&#8221;<\/span><\/td>\n<td style=\"width: 31.2533%; height: 75px; text-align: center;\"><span style=\"font-size: 9pt;\">BOFLEX S.A.<\/span><\/td>\n<\/tr>\n<tr style=\"height: 195px;\">\n<td style=\"width: 17.0133%; height: 82px; text-align: center;\"><span style=\"font-size: 9pt;\">11H40<\/span><\/td>\n<td style=\"width: 51.7333%; height: 82px;\"><span style=\"font-size: 9pt;\"><strong>Ing. Rafael Alulema<\/strong><\/span><br \/>\n<span style=\"font-size: 9pt;\">&#8220;CONSTRUCI\u00d3N, OPERACI\u00d3N Y MANTENIMIENTO DE LAS FUENTES SUBTERRANEAS&#8221;<\/span><br \/>\n<span style=\"font-size: 9pt;\">Aplicando a las Normas INEN en el Ecuador y su experiencia<\/span><\/td>\n<td style=\"width: 31.2533%; height: 82px; text-align: center;\"><span style=\"font-size: 9pt;\">Empresa P\u00fablica Metropolitana de Agua Potable y Saneamiento de Quito<\/span><\/td>\n<\/tr>\n<\/tbody>\n<\/table>","excerpt":"","slug":"ii-simposio-dia-mundial-del-agua-aurora","image":{"url":"https:\/\/www.emapadaule.gob.ec\/web\/wp-content\/uploads\/2022\/03\/dia_mundial_agua_2_simposio_400x400-e1647875259154.png","id":2494,"extension":"png","width":400,"height":329,"sizes":{"thumbnail":{"width":150,"height":150,"mime-type":"image\/png","url":"https:\/\/www.emapadaule.gob.ec\/web\/wp-content\/uploads\/2022\/03\/dia_mundial_agua_2_simposio_400x400-e1647875259154-150x150.png"},"medium":{"width":300,"height":247,"mime-type":"image\/png","url":"https:\/\/www.emapadaule.gob.ec\/web\/wp-content\/uploads\/2022\/03\/dia_mundial_agua_2_simposio_400x400-e1647875259154-300x247.png"},"yith-woocompare-image":{"width":220,"height":154,"mime-type":"image\/png","url":"https:\/\/www.emapadaule.gob.ec\/web\/wp-content\/uploads\/2022\/03\/dia_mundial_agua_2_simposio_400x400-e1647875259154-220x154.png"},"ginza-category-thumb":{"width":400,"height":255,"mime-type":"image\/png","url":"https:\/\/www.emapadaule.gob.ec\/web\/wp-content\/uploads\/2022\/03\/dia_mundial_agua_2_simposio_400x400-e1647875259154-400x255.png"},"woocommerce_thumbnail":{"width":300,"height":300,"mime-type":"image\/png","url":"https:\/\/www.emapadaule.gob.ec\/web\/wp-content\/uploads\/2022\/03\/dia_mundial_agua_2_simposio_400x400-e1647875259154-300x300.png"},"woocommerce_gallery_thumbnail":{"width":150,"height":200,"mime-type":"image\/png","url":"https:\/\/www.emapadaule.gob.ec\/web\/wp-content\/uploads\/2022\/03\/dia_mundial_agua_2_simposio_400x400-e1647875259154-150x200.png"},"shop_catalog":{"width":300,"height":300,"mime-type":"image\/png","url":"https:\/\/www.emapadaule.gob.ec\/web\/wp-content\/uploads\/2022\/03\/dia_mundial_agua_2_simposio_400x400-e1647875259154-300x300.png"},"shop_thumbnail":{"width":150,"height":200,"mime-type":"image\/png","url":"https:\/\/www.emapadaule.gob.ec\/web\/wp-content\/uploads\/2022\/03\/dia_mundial_agua_2_simposio_400x400-e1647875259154-150x200.png"}}},"all_day":false,"start_date":"2022-03-22 08:30:00","start_date_details":{"year":"2022","month":"03","day":"22","hour":"08","minutes":"30","seconds":"00"},"end_date":"2022-03-22 12:30:00","end_date_details":{"year":"2022","month":"03","day":"22","hour":"12","minutes":"30","seconds":"00"},"utc_start_date":"2022-03-22 13:30:00","utc_start_date_details":{"year":"2022","month":"03","day":"22","hour":"13","minutes":"30","seconds":"00"},"utc_end_date":"2022-03-22 17:30:00","utc_end_date_details":{"year":"2022","month":"03","day":"22","hour":"17","minutes":"30","seconds":"00"},"timezone":"America\/Lima","timezone_abbr":"-05","cost":"","cost_details":{"currency_symbol":"","currency_code":"","currency_position":"prefix","values":[]},"website":"","show_map":true,"show_map_link":true,"hide_from_listings":false,"sticky":true,"featured":true,"categories":[],"tags":[],"venue":{"id":2453,"author":"1","status":"publish","date":"2022-03-16 10:17:45","date_utc":"2022-03-16 15:17:45","modified":"2022-03-16 13:50:55","modified_utc":"2022-03-16 18:50:55","url":"https:\/\/www.emapadaule.gob.ec\/web\/recinto\/casa-comunal-parroquia-satelite-la-aurora\/","venue":"Casa Comunal Parroquia Sat\u00e9lite La Aurora","slug":"casa-comunal-parroquia-satelite-la-aurora","address":"Olmedo Seguera y Malec\u00f3n Enrique Gallardo","city":"Daule","country":"Ecuador","province":"Guayas","zip":"091910","stateprovince":"Guayas","json_ld":{"@type":"Place","name":"Casa Comunal Parroquia Sat\u00e9lite La Aurora","description":"","url":"","address":{"@type":"PostalAddress","streetAddress":"Olmedo Seguera y Malec\u00f3n Enrique Gallardo","addressLocality":"Daule","addressRegion":"Guayas","postalCode":"091910","addressCountry":"Ecuador"},"telephone":"","sameAs":""},"show_map":true,"show_map_link":true,"global_id":"www.emapadaule.gob.ec\/web?id=2453","global_id_lineage":["www.emapadaule.gob.ec\/web?id=2453"]},"organizer":[{"id":2454,"author":"1","status":"publish","date":"2022-03-16 10:17:46","date_utc":"2022-03-16 15:17:46","modified":"2022-03-16 10:17:46","modified_utc":"2022-03-16 15:17:46","url":"https:\/\/www.emapadaule.gob.ec\/web\/organizador\/emapa-ep-daule\/","organizer":"EMAPA EP Daule","slug":"emapa-ep-daule","phone":"(04) 2795-911","website":"https:\/\/www.emapadaule.gob.ec\/","email":"info@emapadaule.gob.ec","json_ld":{"@type":"Person","name":"EMAPA EP Daule","description":"","url":"https:\/\/www.emapadaule.gob.ec\/","telephone":"(04) 2795-911","email":"i&#110;&#102;&#111;&#64;e&#109;&#97;pad&#97;&#117;&#108;e.gob&#46;e&#99;","sameAs":"https:\/\/www.emapadaule.gob.ec\/"},"global_id":"www.emapadaule.gob.ec\/web?id=2454","global_id_lineage":["www.emapadaule.gob.ec\/web?id=2454"]},{"id":2455,"author":"1","status":"publish","date":"2022-03-16 10:17:46","date_utc":"2022-03-16 15:17:46","modified":"2022-03-16 10:17:46","modified_utc":"2022-03-16 15:17:46","url":"https:\/\/www.emapadaule.gob.ec\/web\/organizador\/alcaldia-de-daule\/","organizer":"Alcald\u00eda de Daule","slug":"alcaldia-de-daule","phone":"(593) 42796668","website":"https:\/\/www.daule.gob.ec\/","email":"secretaria@daule.gob.ec","json_ld":{"@type":"Person","name":"Alcald\u00eda de Daule","description":"","url":"https:\/\/www.daule.gob.ec\/","telephone":"(593) 42796668","email":"&#115;ecretaria&#64;d&#97;ul&#101;&#46;&#103;&#111;b&#46;&#101;c","sameAs":"https:\/\/www.daule.gob.ec\/"},"global_id":"www.emapadaule.gob.ec\/web?id=2455","global_id_lineage":["www.emapadaule.gob.ec\/web?id=2455"]}],"custom_fields":[],"json_ld":{"@context":"http:\/\/schema.org","@type":"Event","name":"II SIMPOSIO &#8211; D\u00cdA MUNDIAL DEL AGUA (AURORA)","description":"&lt;p&gt;La Empresa P\u00fablica Municipal de Agua Potable y Alcantarillado de Daule (EMAPA EP Daule) y la Alcald\u00eda de Daule tienen el agrado de invitar a: II SIMPOSIO - D\u00cdA MUNDIAL DEL AGUA HORA PONENCIAS INSTITUCI\u00d3N 9H00 Ab. M\u00f3nica Andrade &quot;AGUAS SUBTERRANEAS&quot; Hagamos Visible lo Invisible Programa de las Naciones Unidas&lt;\/p&gt;\\n","image":"https:\/\/www.emapadaule.gob.ec\/web\/wp-content\/uploads\/2022\/03\/dia_mundial_agua_2_simposio_400x400-e1647875259154.png","url":"https:\/\/www.emapadaule.gob.ec\/web\/evento\/ii-simposio-dia-mundial-del-agua-aurora\/","eventAttendanceMode":"https:\/\/schema.org\/OfflineEventAttendanceMode","eventStatus":"https:\/\/schema.org\/EventScheduled","startDate":"2022-03-22T08:30:00-05:00","endDate":"2022-03-22T12:30:00-05:00","location":{"@type":"Place","name":"Casa Comunal Parroquia Sat\u00e9lite La Aurora","description":"","url":"","address":{"@type":"PostalAddress","streetAddress":"Olmedo Seguera y Malec\u00f3n Enrique Gallardo","addressLocality":"Daule","addressRegion":"Guayas","postalCode":"091910","addressCountry":"Ecuador"},"telephone":"","sameAs":""},"organizer":{"@type":"Person","name":"EMAPA EP Daule","description":"","url":"https:\/\/www.emapadaule.gob.ec\/","telephone":"(04) 2795-911","email":"i&#110;&#102;&#111;&#64;&#101;m&#97;&#112;&#97;&#100;aule.g&#111;b.e&#99;","sameAs":"https:\/\/www.emapadaule.gob.ec\/"},"performer":"Organization"}}