{"id":1248,"date":"2019-08-06T15:51:19","date_gmt":"2019-08-06T20:51:19","guid":{"rendered":"http:\/\/www.emapadaule.gob.ec\/web\/?p=1248"},"modified":"2021-01-14T12:31:18","modified_gmt":"2021-01-14T17:31:18","slug":"historia","status":"publish","type":"post","link":"https:\/\/www.emapadaule.gob.ec\/web\/historia\/","title":{"rendered":"Historia"},"content":{"rendered":"\n<p><strong>RESE\u00d1A HIST\u00d3RICA DE LA EMPRESA MUNICIPAL DE AGUA POTABLE Y ALCANTARILLADO DE DAULE \u201cEMAPA-DAULE\u201d<\/strong><\/p>\n\n\n\n<p>El Se\u00f1or Alcalde Don Pedro Salazar Barzola, decidi\u00f3 crear una Empresa Municipal de Agua Potable y Alcantarillado del Cant\u00f3n Daule, con autonom\u00eda administrativa, econ\u00f3mica y una estructura org\u00e1nica funcional que le permita una eficiente y \u00e1gil administraci\u00f3n de sus operaciones, en la prestaci\u00f3n de los servicios de agua potable y alcantarillado. De conformidad con lo que dispone el Art. 228, inciso 2\u00ba, de la Constituci\u00f3n Pol\u00edtica de la Rep\u00fablica del Ecuador, el d\u00eda 21 de febrero del a\u00f1o 2002, mediante oficio # 051-DSM-02, elabor\u00f3 el proyecto de Ordenanza de Creaci\u00f3n de la Empresa Municipal de Agua Potable y Alcantarillado del Cant\u00f3n Daule.<\/p>\n\n\n\n<p>El Concejo Cantonal de Daule, en las sesiones de los d\u00edas viernes 15\/03\/2002 y viernes 22\/03\/2002; discuti\u00f3 y aprob\u00f3 el mencionado proyecto de ordenanza y el Sr. Pedro Salazar Barzola, sanciona y promulga la mencionada ordenanza el d\u00eda 22\/03\/2002<\/p>\n\n\n\n<p>4.- La antes mencionada ordenanza fue publicada en el Reg. Of. # 573 el d\u00eda 10\/MAYO\/2002, fecha a partir de la cual EMAPA-DAULE queda constituida legalmente, adquiriendo personer\u00eda jur\u00eddica propia.<\/p>\n\n\n\n<p>En noviembre de 2011 el Ilustre Concejo Municipal del Cant\u00f3n Daule, en la sesi\u00f3n ordinaria del viernes 15 Julio y el viernes 11 de noviembre deciden aprobar a EMAPA \u2013 DAULE, como Empresa P\u00fablica Municipal de Agua Potable y Alcantarillado del Cant\u00f3n Daule.<\/p>\n\n\n\n<p><strong>GERENTES EMAPA EP DAULE<br> Tenemos como Gerente General de EMAPA-DAULE, por per\u00edodos a las siguientes personas.<\/strong><\/p>\n\n\n\n<table class=\"wp-block-table\"><tbody><tr><td>\n  <strong>&nbsp;<\/strong>\n  <\/td><td>\n  <strong>Nombres<\/strong>\n  <\/td><td>\n  <strong>Calidad<\/strong>\n  <\/td><td>\n  <strong>Per\u00edodo<\/strong>\n  <\/td><\/tr><tr><td>\n  <strong>1<\/strong>\n  <\/td><td>Arq. Francisco Trivi\u00f1o   Araujo.   <\/td><td>\n  Gerente General\n  <\/td><td> Febrero 2003 \u2013Mayo 2005   <\/td><\/tr><tr><td>\n  <strong>2<\/strong>\n  <\/td><td>Ing. Bernardo <br>Bastidas   Escalante.   <\/td><td>\n  Gerente\n  General\n  <\/td><td> Junio 2005   &#8211; <br>Octubre 2005   <\/td><\/tr><tr><td>\n  <strong>3<\/strong>\n  <\/td><td>Ing.   Nelson&nbsp;&nbsp;Bustos <br>Olivo   <\/td><td>\n  Gerente\n  General\n  <\/td><td> <br>Noviembre 2005-   Agosto 2007   <\/td><\/tr><tr><td>\n  <strong>4<\/strong>\n  <\/td><td>Ab. Wilson Vinces <br>Santos   <\/td><td>\n  Gerente\n  General\n  <\/td><td>  Noviembre 2007   &nbsp;   <\/td><\/tr><tr><td>\n  <strong>5<\/strong>\n  <\/td><td> Ing. Oscar Romero<br>Jaime   <\/td><td>\n  Gerente\n  General\n  <\/td><td>  Octubre 2010   <\/td><\/tr><tr><td>\n  <strong>6<\/strong>\n  <\/td><td> Ing. Alfredo   P\u00e9rez<br>Armijos   <\/td><td>\n  Gerente\n  General (Encargado)\n  <\/td><td>  Octubre 2010   \u2013<br> Marzo 2013   <\/td><\/tr><tr><td>\n  <strong>7<\/strong>\n  <\/td><td> Ing. Billy Blakman   <br>Salavarr\u00eda   <\/td><td>\n  Gerente\n  General\n  <\/td><td> Marzo 2013 \u2013   <br>Diciembre 2013   <\/td><\/tr><tr><td>\n  <strong>8<\/strong>\n  <\/td><td>Econ. Hugo   Dur\u00e1n <br>Olaya   <\/td><td>\n  Gerente\n  General\n  <\/td><td>  Diciembre   2013 \u2013 Junio 2014   <\/td><\/tr><tr><td>\n  <strong>9<\/strong>\n  <\/td><td>   <br>  Ing. Pedro Maquil\u00f3n Y\u00e9pez   &nbsp;   <\/td><td>\n  Gerente\n  General\n  <\/td><td>  Junio 2014 \u2013 <br>  Febrero 2015   <\/td><\/tr><tr><td>\n  <strong>10<\/strong>\n  <\/td><td> Ing. Ind.   Xavier Moyano Moscoso   <\/td><td>\n  Gerente General\n  <\/td><td>  Febrero 2015   \u2013 <br>Abril 2017   <\/td><\/tr><tr><td>\n  <strong>11<\/strong>\n  <\/td><td> Ing. Gabriel   Cabezas Martinez   <\/td><td>\n  Gerente\n  General\n  <\/td><td>Abril 2017 \u2013   <br>Junio 2017   <\/td><\/tr><tr><td>\n  <strong>12<\/strong>\n  <\/td><td>Ing. Roboam  <br> Gavilanez   <\/td><td>\n  Gerente\n  General\n  <\/td><td>Julio 2017 \u2013   <br>Julio 2018   <\/td><\/tr><tr><td>\n  <strong>13<\/strong>\n  <\/td><td>Lcdo. Wimper   <br>Hidalgo   <\/td><td>\n  Gerente\n  General\n  <\/td><td> Julio 2018   &#8211;&nbsp; <br>Diciembre 2018   <\/td><\/tr><tr><td>\n  <strong>14<\/strong>\n  <\/td><td>Econ. Xavier   <br>Zambrano Gilces   <\/td><td>\n  Gerente\n  General\n  <\/td><td>Diciembre 2018 &#8211; <br>Diciembre 2020<\/td><\/tr><tr><td> <strong>15<\/strong><\/td><td> Ing. Maritza Rivadeneira V\u00e1squez <\/td><td>  Gerente   General    <\/td><td> Enero<br>2021 &#8211; Actualidad    <\/td><\/tr><\/tbody><\/table>\n\n\n\n<p><\/p>\n\n\n\n<h2 class=\"wp-block-heading\"><\/h2>\n\n\n\n<p><\/p>\n\n\n\n<p><\/p>\n\n\n\n<p><\/p>\n","protected":false},"excerpt":{"rendered":"<p>RESE\u00d1A HIST\u00d3RICA DE LA EMPRESA MUNICIPAL DE AGUA POTABLE Y ALCANTARILLADO DE DAULE \u201cEMAPA-DAULE\u201d El Se\u00f1or Alcalde Don Pedro Salazar Barzola, decidi\u00f3 crear una Empresa Municipal de Agua Potable y Alcantarillado del Cant\u00f3n Daule, con autonom\u00eda administrativa, econ\u00f3mica y una estructura org\u00e1nica funcional que le permita una eficiente y \u00e1gil<\/p>\n","protected":false},"author":1,"featured_media":1249,"comment_status":"closed","ping_status":"closed","sticky":false,"template":"","format":"standard","meta":{"_jetpack_memberships_contains_paid_content":false,"footnotes":""},"categories":[61],"tags":[],"class_list":["post-1248","post","type-post","status-publish","format-standard","has-post-thumbnail","hentry","category-quienes-somos"],"featured_image_src":"https:\/\/www.emapadaule.gob.ec\/web\/wp-content\/uploads\/2019\/08\/Historia_Emapa_EP.jpg","author_info":{"display_name":"Emapa EP Daule","author_link":"https:\/\/www.emapadaule.gob.ec\/web\/author\/comercializacion\/"},"jetpack_featured_media_url":"https:\/\/www.emapadaule.gob.ec\/web\/wp-content\/uploads\/2019\/08\/Historia_Emapa_EP.jpg","jetpack_sharing_enabled":true,"_links":{"self":[{"href":"https:\/\/www.emapadaule.gob.ec\/web\/wp-json\/wp\/v2\/posts\/1248","targetHints":{"allow":["GET"]}}],"collection":[{"href":"https:\/\/www.emapadaule.gob.ec\/web\/wp-json\/wp\/v2\/posts"}],"about":[{"href":"https:\/\/www.emapadaule.gob.ec\/web\/wp-json\/wp\/v2\/types\/post"}],"author":[{"embeddable":true,"href":"https:\/\/www.emapadaule.gob.ec\/web\/wp-json\/wp\/v2\/users\/1"}],"replies":[{"embeddable":true,"href":"https:\/\/www.emapadaule.gob.ec\/web\/wp-json\/wp\/v2\/comments?post=1248"}],"version-history":[{"count":4,"href":"https:\/\/www.emapadaule.gob.ec\/web\/wp-json\/wp\/v2\/posts\/1248\/revisions"}],"predecessor-version":[{"id":2190,"href":"https:\/\/www.emapadaule.gob.ec\/web\/wp-json\/wp\/v2\/posts\/1248\/revisions\/2190"}],"wp:featuredmedia":[{"embeddable":true,"href":"https:\/\/www.emapadaule.gob.ec\/web\/wp-json\/wp\/v2\/media\/1249"}],"wp:attachment":[{"href":"https:\/\/www.emapadaule.gob.ec\/web\/wp-json\/wp\/v2\/media?parent=1248"}],"wp:term":[{"taxonomy":"category","embeddable":true,"href":"https:\/\/www.emapadaule.gob.ec\/web\/wp-json\/wp\/v2\/categories?post=1248"},{"taxonomy":"post_tag","embeddable":true,"href":"https:\/\/www.emapadaule.gob.ec\/web\/wp-json\/wp\/v2\/tags?post=1248"}],"curies":[{"name":"wp","href":"https:\/\/api.w.org\/{rel}","templated":true}]}}