{"id":1586,"date":"2019-09-23T13:26:01","date_gmt":"2019-09-23T18:26:01","guid":{"rendered":"http:\/\/www.emapadaule.gob.ec\/web\/?p=1586"},"modified":"2019-09-23T13:34:54","modified_gmt":"2019-09-23T18:34:54","slug":"convocatoria-para-confeccion-de-uniformes-de-emapa-ep","status":"publish","type":"post","link":"https:\/\/www.emapadaule.gob.ec\/web\/convocatoria-para-confeccion-de-uniformes-de-emapa-ep\/","title":{"rendered":"CONVOCATORIA PARA CONFECCI\u00d3N DE UNIFORMES DE EMAPA-EP"},"content":{"rendered":"\n<figure class=\"wp-block-image is-resized\"><img loading=\"lazy\" decoding=\"async\" src=\"http:\/\/www.emapadaule.gob.ec\/web\/wp-content\/uploads\/2019\/09\/e590866e42ab8e80f3e21be4a811d57f-300x300.jpg\" alt=\"\" class=\"wp-image-1589\" width=\"300\" height=\"300\" srcset=\"https:\/\/www.emapadaule.gob.ec\/web\/wp-content\/uploads\/2019\/09\/e590866e42ab8e80f3e21be4a811d57f-300x300.jpg 300w, https:\/\/www.emapadaule.gob.ec\/web\/wp-content\/uploads\/2019\/09\/e590866e42ab8e80f3e21be4a811d57f-150x150.jpg 150w, https:\/\/www.emapadaule.gob.ec\/web\/wp-content\/uploads\/2019\/09\/e590866e42ab8e80f3e21be4a811d57f-600x600.jpg 600w, https:\/\/www.emapadaule.gob.ec\/web\/wp-content\/uploads\/2019\/09\/e590866e42ab8e80f3e21be4a811d57f.jpg 640w\" sizes=\"auto, (max-width: 300px) 100vw, 300px\" \/><\/figure>\n\n\n\n<p>La Empresa P\u00fablica Municipal de Agua Potable y Alcantarillado de Daule, convoca a los Productores Individuales, las Organizaciones de la Econom\u00eda Popular y Solidaria, a las Unidades Econ\u00f3mica Populares, los Artesanos, las Micro y Peque\u00f1as Unidades Productivas del Cant\u00f3n Daule, a participar como Proveedores en el Proceso de \u201cConfecci\u00f3n de Uniformes de los Servidores de EMAPA EP\u201d; a trav\u00e9s del Proceso de Contrataci\u00f3n Feria Inclusiva N\u00b0 FI-EMAPA-EP-D-01-19.<\/p>\n\n\n\n<p>Para lo cual se abrir\u00e1 la Etapa de Socializaci\u00f3n desde el d\u00eda martes 24 de septiembre del 2019 a las 14h30 hasta el jueves 26 de septiembre del 2019 a las 12h30, para la entrega de Ofertas, en la Direcci\u00f3n Administrativa Financiera de la Empresa P\u00fablica Municipal de Agua Potable y Alcantarillado de Daule, ubicada en las calles Vicente Piedrahita #442 y Guayaquil en el Centro Comercial Yanco.<\/p>\n\n\n\n<p>La atenci\u00f3n ser\u00e1 en horas h\u00e1biles de trabajo.<\/p>\n","protected":false},"excerpt":{"rendered":"<p>La Empresa P\u00fablica Municipal de Agua Potable y Alcantarillado de Daule, convoca a los Productores Individuales, las Organizaciones de la Econom\u00eda Popular y Solidaria, a las Unidades Econ\u00f3mica Populares, los Artesanos, las Micro y Peque\u00f1as Unidades Productivas del Cant\u00f3n Daule, a participar como Proveedores en el Proceso de \u201cConfecci\u00f3n de<\/p>\n","protected":false},"author":4,"featured_media":0,"comment_status":"open","ping_status":"open","sticky":true,"template":"","format":"standard","meta":{"_jetpack_memberships_contains_paid_content":false,"footnotes":""},"categories":[84],"tags":[80,85],"class_list":["post-1586","post","type-post","status-publish","format-standard","hentry","category-noticias","tag-emapa-ep","tag-uniformes"],"featured_image_src":null,"author_info":{"display_name":"Steeven Herrera","author_link":"https:\/\/www.emapadaule.gob.ec\/web\/author\/sherrera\/"},"jetpack_featured_media_url":"","jetpack_sharing_enabled":true,"_links":{"self":[{"href":"https:\/\/www.emapadaule.gob.ec\/web\/wp-json\/wp\/v2\/posts\/1586","targetHints":{"allow":["GET"]}}],"collection":[{"href":"https:\/\/www.emapadaule.gob.ec\/web\/wp-json\/wp\/v2\/posts"}],"about":[{"href":"https:\/\/www.emapadaule.gob.ec\/web\/wp-json\/wp\/v2\/types\/post"}],"author":[{"embeddable":true,"href":"https:\/\/www.emapadaule.gob.ec\/web\/wp-json\/wp\/v2\/users\/4"}],"replies":[{"embeddable":true,"href":"https:\/\/www.emapadaule.gob.ec\/web\/wp-json\/wp\/v2\/comments?post=1586"}],"version-history":[{"count":4,"href":"https:\/\/www.emapadaule.gob.ec\/web\/wp-json\/wp\/v2\/posts\/1586\/revisions"}],"predecessor-version":[{"id":1593,"href":"https:\/\/www.emapadaule.gob.ec\/web\/wp-json\/wp\/v2\/posts\/1586\/revisions\/1593"}],"wp:attachment":[{"href":"https:\/\/www.emapadaule.gob.ec\/web\/wp-json\/wp\/v2\/media?parent=1586"}],"wp:term":[{"taxonomy":"category","embeddable":true,"href":"https:\/\/www.emapadaule.gob.ec\/web\/wp-json\/wp\/v2\/categories?post=1586"},{"taxonomy":"post_tag","embeddable":true,"href":"https:\/\/www.emapadaule.gob.ec\/web\/wp-json\/wp\/v2\/tags?post=1586"}],"curies":[{"name":"wp","href":"https:\/\/api.w.org\/{rel}","templated":true}]}}