{"id":1852,"date":"2020-03-26T15:12:07","date_gmt":"2020-03-26T20:12:07","guid":{"rendered":"http:\/\/www.emapadaule.gob.ec\/web\/?p=1852"},"modified":"2020-12-09T05:10:44","modified_gmt":"2020-12-09T10:10:44","slug":"pilas-dauleno-gasta-solo-el-agua-que-necesitas-no-malgastes-la-vida","status":"publish","type":"post","link":"https:\/\/www.emapadaule.gob.ec\/web\/pilas-dauleno-gasta-solo-el-agua-que-necesitas-no-malgastes-la-vida\/","title":{"rendered":"PILAS DAULE\u00d1O, GASTA SOLO EL AGUA QUE NECESITAS, NO MALGASTES LA VIDA."},"content":{"rendered":"\n<p>Estimados daule\u00f1os hoy m\u00e1s que nunca seamos consciente de la importancia de estar unidos y que peque\u00f1os gestos nos ayudan a ayudar a los dem\u00e1s. <br> En esta situaci\u00f3n de emergencia todos los recursos son escasos, por tu bienestar y el de todos los daule\u00f1os, ay\u00fadanos a consumir lo necesario de agua potable para que nuestros sistemas se mantengan operativos y poder llevarte el agua que t\u00fa y el vecino se merecen, agua que mal gastes hoy, la necesitaras ma\u00f1ana.<\/p>\n\n\n\n<p><strong>\u00a1RECUERDA!<\/strong> Debemos colaborar todos para poder usar este recurso de forma consciente.<\/p>\n","protected":false},"excerpt":{"rendered":"<p>Estimados daule\u00f1os hoy m\u00e1s que nunca seamos consciente de la importancia de estar unidos y que peque\u00f1os gestos nos ayudan a ayudar a los dem\u00e1s. En esta situaci\u00f3n de emergencia todos los recursos son escasos, por tu bienestar y el de todos los daule\u00f1os, ay\u00fadanos a consumir lo necesario de<\/p>\n","protected":false},"author":4,"featured_media":1853,"comment_status":"closed","ping_status":"closed","sticky":false,"template":"","format":"standard","meta":{"_jetpack_memberships_contains_paid_content":false,"footnotes":""},"categories":[84],"tags":[],"class_list":["post-1852","post","type-post","status-publish","format-standard","has-post-thumbnail","hentry","category-noticias"],"featured_image_src":"https:\/\/www.emapadaule.gob.ec\/web\/wp-content\/uploads\/2020\/03\/WhatsApp-Image-2020-03-26-at-15.01.05.jpeg","author_info":{"display_name":"Steeven Herrera","author_link":"https:\/\/www.emapadaule.gob.ec\/web\/author\/sherrera\/"},"jetpack_featured_media_url":"https:\/\/www.emapadaule.gob.ec\/web\/wp-content\/uploads\/2020\/03\/WhatsApp-Image-2020-03-26-at-15.01.05.jpeg","jetpack_sharing_enabled":true,"_links":{"self":[{"href":"https:\/\/www.emapadaule.gob.ec\/web\/wp-json\/wp\/v2\/posts\/1852","targetHints":{"allow":["GET"]}}],"collection":[{"href":"https:\/\/www.emapadaule.gob.ec\/web\/wp-json\/wp\/v2\/posts"}],"about":[{"href":"https:\/\/www.emapadaule.gob.ec\/web\/wp-json\/wp\/v2\/types\/post"}],"author":[{"embeddable":true,"href":"https:\/\/www.emapadaule.gob.ec\/web\/wp-json\/wp\/v2\/users\/4"}],"replies":[{"embeddable":true,"href":"https:\/\/www.emapadaule.gob.ec\/web\/wp-json\/wp\/v2\/comments?post=1852"}],"version-history":[{"count":2,"href":"https:\/\/www.emapadaule.gob.ec\/web\/wp-json\/wp\/v2\/posts\/1852\/revisions"}],"predecessor-version":[{"id":1856,"href":"https:\/\/www.emapadaule.gob.ec\/web\/wp-json\/wp\/v2\/posts\/1852\/revisions\/1856"}],"wp:featuredmedia":[{"embeddable":true,"href":"https:\/\/www.emapadaule.gob.ec\/web\/wp-json\/wp\/v2\/media\/1853"}],"wp:attachment":[{"href":"https:\/\/www.emapadaule.gob.ec\/web\/wp-json\/wp\/v2\/media?parent=1852"}],"wp:term":[{"taxonomy":"category","embeddable":true,"href":"https:\/\/www.emapadaule.gob.ec\/web\/wp-json\/wp\/v2\/categories?post=1852"},{"taxonomy":"post_tag","embeddable":true,"href":"https:\/\/www.emapadaule.gob.ec\/web\/wp-json\/wp\/v2\/tags?post=1852"}],"curies":[{"name":"wp","href":"https:\/\/api.w.org\/{rel}","templated":true}]}}