{"id":1875,"date":"2020-05-26T15:50:28","date_gmt":"2020-05-26T20:50:28","guid":{"rendered":"http:\/\/www.emapadaule.gob.ec\/web\/?p=1875"},"modified":"2020-12-09T05:09:45","modified_gmt":"2020-12-09T10:09:45","slug":"te-ha-incrementado-tu-consumo-de-agua-potable","status":"publish","type":"post","link":"https:\/\/www.emapadaule.gob.ec\/web\/te-ha-incrementado-tu-consumo-de-agua-potable\/","title":{"rendered":"\u00bfTe ha incrementado tu consumo de agua potable?"},"content":{"rendered":"\n<p>Estimados daule\u00f1os, por la emergencia sanitaria no se pudo tomar lectura del mes de abril, por lo cual se hizo un PROMEDIO de tus \u00faltimos seis meses, el mes de mayo si se realiz\u00f3 lectura en cada uno de sus hogares.<br> Es importante recalcar que en tiempo de cuarentena todos estuvimos en casa por ende consumimos mucha m\u00e1s agua, porque nos lavamos las manos con m\u00e1s frecuencias, limpiamos la casa, lavamos nuestras legumbres, entre otras. <br><strong> RECUERDA<\/strong> Te invitamos a que tomes foto a tu medidor de agua potable, para que veas lo que consumes <\/p>\n","protected":false},"excerpt":{"rendered":"<p>Estimados daule\u00f1os, por la emergencia sanitaria no se pudo tomar lectura del mes de abril, por lo cual se hizo un PROMEDIO de tus \u00faltimos seis meses, el mes de mayo si se realiz\u00f3 lectura en cada uno de sus hogares. Es importante recalcar que en tiempo de cuarentena todos<\/p>\n","protected":false},"author":4,"featured_media":1876,"comment_status":"closed","ping_status":"closed","sticky":false,"template":"","format":"standard","meta":{"_jetpack_memberships_contains_paid_content":false,"footnotes":""},"categories":[84],"tags":[],"class_list":["post-1875","post","type-post","status-publish","format-standard","has-post-thumbnail","hentry","category-noticias"],"featured_image_src":"https:\/\/www.emapadaule.gob.ec\/web\/wp-content\/uploads\/2020\/05\/WhatsApp-Image-2020-05-26-at-14.50.38.jpeg","author_info":{"display_name":"Steeven Herrera","author_link":"https:\/\/www.emapadaule.gob.ec\/web\/author\/sherrera\/"},"jetpack_featured_media_url":"https:\/\/www.emapadaule.gob.ec\/web\/wp-content\/uploads\/2020\/05\/WhatsApp-Image-2020-05-26-at-14.50.38.jpeg","jetpack_sharing_enabled":true,"_links":{"self":[{"href":"https:\/\/www.emapadaule.gob.ec\/web\/wp-json\/wp\/v2\/posts\/1875","targetHints":{"allow":["GET"]}}],"collection":[{"href":"https:\/\/www.emapadaule.gob.ec\/web\/wp-json\/wp\/v2\/posts"}],"about":[{"href":"https:\/\/www.emapadaule.gob.ec\/web\/wp-json\/wp\/v2\/types\/post"}],"author":[{"embeddable":true,"href":"https:\/\/www.emapadaule.gob.ec\/web\/wp-json\/wp\/v2\/users\/4"}],"replies":[{"embeddable":true,"href":"https:\/\/www.emapadaule.gob.ec\/web\/wp-json\/wp\/v2\/comments?post=1875"}],"version-history":[{"count":1,"href":"https:\/\/www.emapadaule.gob.ec\/web\/wp-json\/wp\/v2\/posts\/1875\/revisions"}],"predecessor-version":[{"id":1877,"href":"https:\/\/www.emapadaule.gob.ec\/web\/wp-json\/wp\/v2\/posts\/1875\/revisions\/1877"}],"wp:featuredmedia":[{"embeddable":true,"href":"https:\/\/www.emapadaule.gob.ec\/web\/wp-json\/wp\/v2\/media\/1876"}],"wp:attachment":[{"href":"https:\/\/www.emapadaule.gob.ec\/web\/wp-json\/wp\/v2\/media?parent=1875"}],"wp:term":[{"taxonomy":"category","embeddable":true,"href":"https:\/\/www.emapadaule.gob.ec\/web\/wp-json\/wp\/v2\/categories?post=1875"},{"taxonomy":"post_tag","embeddable":true,"href":"https:\/\/www.emapadaule.gob.ec\/web\/wp-json\/wp\/v2\/tags?post=1875"}],"curies":[{"name":"wp","href":"https:\/\/api.w.org\/{rel}","templated":true}]}}