{"id":1881,"date":"2020-05-27T11:30:34","date_gmt":"2020-05-27T16:30:34","guid":{"rendered":"http:\/\/www.emapadaule.gob.ec\/web\/?p=1881"},"modified":"2020-12-09T05:09:15","modified_gmt":"2020-12-09T10:09:15","slug":"ponte-pilas-dauleno-te-incremento-tu-consumo-de-agua-potable-ven-te-esperamos-en-nuestras-oficinas-de-atencion-al-usuario","status":"publish","type":"post","link":"https:\/\/www.emapadaule.gob.ec\/web\/ponte-pilas-dauleno-te-incremento-tu-consumo-de-agua-potable-ven-te-esperamos-en-nuestras-oficinas-de-atencion-al-usuario\/","title":{"rendered":"Ponte pilas daule\u00f1o, \u00bfte increment\u00f3 tu consumo de agua potable? Ven, te esperamos en nuestras oficinas de atenci\u00f3n al usuario."},"content":{"rendered":"\n<p>Emapa Ep Daule ya abri\u00f3 sus oficinas ubicada en el centro comercial yanco, donde podr\u00e1s cancelar tu planilla de agua potable, aunque recuerda QUE NO ESTAMOS CORTANDO EL SERVICIO POR FALTA DE PAGO, si se te increment\u00f3 tu consumo, ac\u00e9rcate  y preg\u00fantanos y as\u00ed  sales  de la duda, puedes venir de 08:00 \u2013 17:00.<\/p>\n\n\n\n<p>RECUERDA cuidarte es cuidarnos, por eso debemos de respetar las medidas de bioseguridad:<br>\n1: solo podr\u00e1n ingresar 2 personas a atenci\u00f3n al usuario<br>\n2: el uso de mascarillas es IMPORTANTE y desinfectarse las manos<br>\n3: debe de ingresar una persona por reclamo, salvo que esta tenga alg\u00fan inconveniente de movilidad propia. <\/p>\n","protected":false},"excerpt":{"rendered":"<p>Emapa Ep Daule ya abri\u00f3 sus oficinas ubicada en el centro comercial yanco, donde podr\u00e1s cancelar tu planilla de agua potable, aunque recuerda QUE NO ESTAMOS CORTANDO EL SERVICIO POR FALTA DE PAGO, si se te increment\u00f3 tu consumo, ac\u00e9rcate y preg\u00fantanos y as\u00ed sales de la duda, puedes venir<\/p>\n","protected":false},"author":4,"featured_media":1883,"comment_status":"closed","ping_status":"closed","sticky":false,"template":"","format":"standard","meta":{"_jetpack_memberships_contains_paid_content":false,"footnotes":""},"categories":[84],"tags":[],"class_list":["post-1881","post","type-post","status-publish","format-standard","has-post-thumbnail","hentry","category-noticias"],"featured_image_src":"https:\/\/www.emapadaule.gob.ec\/web\/wp-content\/uploads\/2020\/05\/WhatsApp-Image-2020-05-27-at-11.22.00.jpeg","author_info":{"display_name":"Steeven Herrera","author_link":"https:\/\/www.emapadaule.gob.ec\/web\/author\/sherrera\/"},"jetpack_featured_media_url":"https:\/\/www.emapadaule.gob.ec\/web\/wp-content\/uploads\/2020\/05\/WhatsApp-Image-2020-05-27-at-11.22.00.jpeg","jetpack_sharing_enabled":true,"_links":{"self":[{"href":"https:\/\/www.emapadaule.gob.ec\/web\/wp-json\/wp\/v2\/posts\/1881","targetHints":{"allow":["GET"]}}],"collection":[{"href":"https:\/\/www.emapadaule.gob.ec\/web\/wp-json\/wp\/v2\/posts"}],"about":[{"href":"https:\/\/www.emapadaule.gob.ec\/web\/wp-json\/wp\/v2\/types\/post"}],"author":[{"embeddable":true,"href":"https:\/\/www.emapadaule.gob.ec\/web\/wp-json\/wp\/v2\/users\/4"}],"replies":[{"embeddable":true,"href":"https:\/\/www.emapadaule.gob.ec\/web\/wp-json\/wp\/v2\/comments?post=1881"}],"version-history":[{"count":2,"href":"https:\/\/www.emapadaule.gob.ec\/web\/wp-json\/wp\/v2\/posts\/1881\/revisions"}],"predecessor-version":[{"id":1897,"href":"https:\/\/www.emapadaule.gob.ec\/web\/wp-json\/wp\/v2\/posts\/1881\/revisions\/1897"}],"wp:featuredmedia":[{"embeddable":true,"href":"https:\/\/www.emapadaule.gob.ec\/web\/wp-json\/wp\/v2\/media\/1883"}],"wp:attachment":[{"href":"https:\/\/www.emapadaule.gob.ec\/web\/wp-json\/wp\/v2\/media?parent=1881"}],"wp:term":[{"taxonomy":"category","embeddable":true,"href":"https:\/\/www.emapadaule.gob.ec\/web\/wp-json\/wp\/v2\/categories?post=1881"},{"taxonomy":"post_tag","embeddable":true,"href":"https:\/\/www.emapadaule.gob.ec\/web\/wp-json\/wp\/v2\/tags?post=1881"}],"curies":[{"name":"wp","href":"https:\/\/api.w.org\/{rel}","templated":true}]}}