{"id":1907,"date":"2020-06-02T13:27:16","date_gmt":"2020-06-02T18:27:16","guid":{"rendered":"http:\/\/www.emapadaule.gob.ec\/web\/?p=1907"},"modified":"2025-04-25T10:36:31","modified_gmt":"2025-04-25T15:36:31","slug":"toma-tu-el-control-tomale-foto-a-tu-medidor","status":"publish","type":"post","link":"https:\/\/www.emapadaule.gob.ec\/web\/toma-tu-el-control-tomale-foto-a-tu-medidor\/","title":{"rendered":"Toma t\u00fa el control, t\u00f3male foto a tu medidor"},"content":{"rendered":"\n<p>Pilas daule\u00f1o,  te invitamos a que le tomes foto a tu medidor, para que lleves un control de tu consumo diariamente, eso te servir\u00e1 para saber cuantos metros c\u00fabicos consumes, podr\u00e1s reconocer si tienes fuga interna. Como es de conocimiento p\u00fablico por la emergencia sanitaria Emapa Ep Daule no tomo lecturas en el mes de abril y se estim\u00f3 el consumo promedio de los \u00faltimos seis meses.<\/p>\n\n\n\n<p><strong>Env\u00edanos las fotos que te tomes junto a  tu medidor<\/strong>, para publicarla en nuestras redes sociales y felicitarte p\u00fablicamente por cuidar el agua en Daule. Gracias<br><strong> \u00a1RECUERDA! <\/strong> el uso de mascarillas es obligatorio, para precautelar la seguridad de todos. <\/p>\n","protected":false},"excerpt":{"rendered":"<p>Pilas daule\u00f1o, te invitamos a que le tomes foto a tu medidor, para que lleves un control de tu consumo diariamente, eso te servir\u00e1 para saber cuantos metros c\u00fabicos consumes, podr\u00e1s reconocer si tienes fuga interna. Como es de conocimiento p\u00fablico por la emergencia sanitaria Emapa Ep Daule no tomo<\/p>\n","protected":false},"author":4,"featured_media":1908,"comment_status":"closed","ping_status":"closed","sticky":false,"template":"","format":"standard","meta":{"_jetpack_memberships_contains_paid_content":false,"footnotes":""},"categories":[18],"tags":[],"class_list":["post-1907","post","type-post","status-publish","format-standard","has-post-thumbnail","hentry","category-reclamos"],"featured_image_src":"https:\/\/www.emapadaule.gob.ec\/web\/wp-content\/uploads\/2020\/06\/WhatsApp-Image-2020-06-02-at-11.06.20-1.jpeg","author_info":{"display_name":"Steeven Herrera","author_link":"https:\/\/www.emapadaule.gob.ec\/web\/author\/sherrera\/"},"jetpack_featured_media_url":"https:\/\/www.emapadaule.gob.ec\/web\/wp-content\/uploads\/2020\/06\/WhatsApp-Image-2020-06-02-at-11.06.20-1.jpeg","jetpack_sharing_enabled":true,"_links":{"self":[{"href":"https:\/\/www.emapadaule.gob.ec\/web\/wp-json\/wp\/v2\/posts\/1907","targetHints":{"allow":["GET"]}}],"collection":[{"href":"https:\/\/www.emapadaule.gob.ec\/web\/wp-json\/wp\/v2\/posts"}],"about":[{"href":"https:\/\/www.emapadaule.gob.ec\/web\/wp-json\/wp\/v2\/types\/post"}],"author":[{"embeddable":true,"href":"https:\/\/www.emapadaule.gob.ec\/web\/wp-json\/wp\/v2\/users\/4"}],"replies":[{"embeddable":true,"href":"https:\/\/www.emapadaule.gob.ec\/web\/wp-json\/wp\/v2\/comments?post=1907"}],"version-history":[{"count":2,"href":"https:\/\/www.emapadaule.gob.ec\/web\/wp-json\/wp\/v2\/posts\/1907\/revisions"}],"predecessor-version":[{"id":1927,"href":"https:\/\/www.emapadaule.gob.ec\/web\/wp-json\/wp\/v2\/posts\/1907\/revisions\/1927"}],"wp:featuredmedia":[{"embeddable":true,"href":"https:\/\/www.emapadaule.gob.ec\/web\/wp-json\/wp\/v2\/media\/1908"}],"wp:attachment":[{"href":"https:\/\/www.emapadaule.gob.ec\/web\/wp-json\/wp\/v2\/media?parent=1907"}],"wp:term":[{"taxonomy":"category","embeddable":true,"href":"https:\/\/www.emapadaule.gob.ec\/web\/wp-json\/wp\/v2\/categories?post=1907"},{"taxonomy":"post_tag","embeddable":true,"href":"https:\/\/www.emapadaule.gob.ec\/web\/wp-json\/wp\/v2\/tags?post=1907"}],"curies":[{"name":"wp","href":"https:\/\/api.w.org\/{rel}","templated":true}]}}