{"id":2241,"date":"2021-03-23T08:56:00","date_gmt":"2021-03-23T13:56:00","guid":{"rendered":"https:\/\/www.emapadaule.gob.ec\/web\/?p=2241"},"modified":"2022-03-21T09:36:26","modified_gmt":"2022-03-21T14:36:26","slug":"emapa-ep-celebro-su-primer-simposio-el-agua-nos-une","status":"publish","type":"post","link":"https:\/\/www.emapadaule.gob.ec\/web\/emapa-ep-celebro-su-primer-simposio-el-agua-nos-une\/","title":{"rendered":"EMAPA EP celebr\u00f3 su primer Simposio, &#8220;EL AGUA NOS UNE &#8220;"},"content":{"rendered":"\n<p>Desde 1993 el D\u00eda Mundial del Agua se celebra cada 22 de\nmarzo, as\u00ed lo estableci\u00f3 las Naciones Unidas con el fin de promover la\nimportancia del agua dulce en el planeta, y as\u00ed recordar la relevancia de este\nl\u00edquido esencial, A pesar de que todas las actividades sociales y econ\u00f3micas\ndependen en gran medida del abastecimiento de agua dulce y de su calidad, 2 200\nmillones de personas viven sin acceso a agua potable. Esta celebraci\u00f3n tiene\npor objetivo concienciar acerca de la crisis mundial del agua y la necesidad de\nbuscar medidas para abordarla de manera que alcancemos el Objetivo de Desarrollo\nSostenible Agua y saneamiento para todos antes de 2030. <\/p>\n\n\n\n<p>Con Motivo de conmemorar esta fecha tan importante para la\nhumanidad como lo es el \u201cD\u00eda Mundial del Agua\u201d, Emapa-Ep Daule Empresa P\u00fablica\nMunicipal de Agua Potable y Saneamiento celebra este d\u00eda y se une con\nprofesionales e instituciones para presentar trabajos, experiencias y temas de\ntrascendencia en lo que respeta a la calidad del Agua con el fin de impartir\nconocimiento y contribuir e impulsar el desarrollo del medio ambiente en el\nCant\u00f3n Daule.<\/p>\n\n\n\n<p>\u00a0<strong>Dentro del contenido del Simposio se presentar\u00e1n temas como:<\/strong><\/p>\n\n\n\n<p><strong>* \u201cSistema de Tratamiento con Membranas, una Herramienta para Optimizar la Gesti\u00f3n del Recurso Agua en la Municipalidad\u201d<\/strong> ponente Mcs. Ing. Carlos Pern\u00eda Gerente Regional ARQUETECH-PER\u00da este tema se enfocar\u00e1 en las mejoras de gesti\u00f3n para los Municipios.<\/p>\n\n\n\n<p><strong>* \u201cFuente de Vida y Motor de Desarrollo, perspectiva con enfoque Global\u201d <\/strong>a cargo de la ponente Abg. M\u00f3nica Andrade de la ONU (Organizaci\u00f3n de las Naciones Unidas), considera que este a\u00f1o el D\u00eda Mundial del Agua trata de lo que significa el agua para las personas, su verdadero valor y c\u00f3mo podemos proteger mejor este recurso vital. <\/p>\n\n\n\n<p>*<strong>\u201cMicro-Contaminantes: Riesgos Invisibles en los cuerpos de Agua Seguridad del Agua.\u201d<\/strong> INTERAGUA \/ VEOLIA. Este tema se encuentra en la palestra a nivel mundial como riesgos invisibles en los cuerpos del agua y seguridad del agua. Leyes que permiten aportar o no a la calidad del agua de un pa\u00eds y la situaci\u00f3n en el Ecuador. <\/p>\n\n\n\n<p><strong>*\u201cImportancia de la Seguridad Industrial en Plantas de Tratamiento de Agua\u201d.<\/strong> Ponente Msc. Ing. En Seguridad y Medio Ambiente Augusto Vaca, ISSHIANA ECUADOR factor esencial para la salud, medio ambiente y calidad de agua. Con estas ponencias locales e internacionales logramos cubrir el espacio de 4 horas y contribuir con ello al conocimiento de la comunidad daule\u00f1a y a los profesionales e investigadores de nuestro pa\u00eds. El D\u00eda Mundial del Agua se celebra para promover y concienciar la importancia de este recurso para la salud de las personas. Todas las actividades sociales y econ\u00f3micas dependen en gran medida del abastecimiento de agua dulce y de su calidad, as\u00ed lo afirma la ONU.<\/p>\n\n\n\n<p><strong> * \u201cDigitalizaci\u00f3n de Recursos H\u00eddricos\u201d<\/strong> a cargo del ponente Msc. Ing. Jimmy Fernando Luzarraga Administrador de Contrato SAICA EMAPAG \u2013 Guayaquil este proyecto permita monitorea el todo el territorio ecuatoriano la calidad agua donde el Cant\u00f3n Daule estar\u00e1 presente con una estaci\u00f3n de monitoreo en la Planta de Potabilizaci\u00f3n del Agua.<\/p>\n","protected":false},"excerpt":{"rendered":"<p>Desde 1993 el D\u00eda Mundial del Agua se celebra cada 22 de marzo, as\u00ed lo estableci\u00f3 las Naciones Unidas con el fin de promover la importancia del agua dulce en el planeta, y as\u00ed recordar la relevancia de este l\u00edquido esencial, A pesar de que todas las actividades sociales y<\/p>\n","protected":false},"author":4,"featured_media":2242,"comment_status":"closed","ping_status":"closed","sticky":false,"template":"","format":"standard","meta":{"_jetpack_memberships_contains_paid_content":false,"footnotes":""},"categories":[23,84],"tags":[],"class_list":["post-2241","post","type-post","status-publish","format-standard","has-post-thumbnail","hentry","category-beneficios","category-noticias"],"featured_image_src":"https:\/\/www.emapadaule.gob.ec\/web\/wp-content\/uploads\/2021\/03\/WhatsApp-Image-2021-03-23-at-08.47.13.jpeg","author_info":{"display_name":"Steeven Herrera","author_link":"https:\/\/www.emapadaule.gob.ec\/web\/author\/sherrera\/"},"jetpack_featured_media_url":"https:\/\/www.emapadaule.gob.ec\/web\/wp-content\/uploads\/2021\/03\/WhatsApp-Image-2021-03-23-at-08.47.13.jpeg","jetpack_sharing_enabled":true,"_links":{"self":[{"href":"https:\/\/www.emapadaule.gob.ec\/web\/wp-json\/wp\/v2\/posts\/2241","targetHints":{"allow":["GET"]}}],"collection":[{"href":"https:\/\/www.emapadaule.gob.ec\/web\/wp-json\/wp\/v2\/posts"}],"about":[{"href":"https:\/\/www.emapadaule.gob.ec\/web\/wp-json\/wp\/v2\/types\/post"}],"author":[{"embeddable":true,"href":"https:\/\/www.emapadaule.gob.ec\/web\/wp-json\/wp\/v2\/users\/4"}],"replies":[{"embeddable":true,"href":"https:\/\/www.emapadaule.gob.ec\/web\/wp-json\/wp\/v2\/comments?post=2241"}],"version-history":[{"count":2,"href":"https:\/\/www.emapadaule.gob.ec\/web\/wp-json\/wp\/v2\/posts\/2241\/revisions"}],"predecessor-version":[{"id":2244,"href":"https:\/\/www.emapadaule.gob.ec\/web\/wp-json\/wp\/v2\/posts\/2241\/revisions\/2244"}],"wp:featuredmedia":[{"embeddable":true,"href":"https:\/\/www.emapadaule.gob.ec\/web\/wp-json\/wp\/v2\/media\/2242"}],"wp:attachment":[{"href":"https:\/\/www.emapadaule.gob.ec\/web\/wp-json\/wp\/v2\/media?parent=2241"}],"wp:term":[{"taxonomy":"category","embeddable":true,"href":"https:\/\/www.emapadaule.gob.ec\/web\/wp-json\/wp\/v2\/categories?post=2241"},{"taxonomy":"post_tag","embeddable":true,"href":"https:\/\/www.emapadaule.gob.ec\/web\/wp-json\/wp\/v2\/tags?post=2241"}],"curies":[{"name":"wp","href":"https:\/\/api.w.org\/{rel}","templated":true}]}}