{"id":2496,"date":"2022-03-21T09:34:30","date_gmt":"2022-03-21T14:34:30","guid":{"rendered":"https:\/\/www.emapadaule.gob.ec\/web\/?p=2496"},"modified":"2022-03-21T09:59:33","modified_gmt":"2022-03-21T14:59:33","slug":"emapa-ep-celebra-su-segundo-simposio-aguas-subterraneas-haciendo-visible-lo-invisible","status":"publish","type":"post","link":"https:\/\/www.emapadaule.gob.ec\/web\/emapa-ep-celebra-su-segundo-simposio-aguas-subterraneas-haciendo-visible-lo-invisible\/","title":{"rendered":"EMAPA EP celebra su Segundo Simposio, &#8220;AGUAS SUBTERR\u00c1NEAS, HACIENDO VISIBLE LO INVISIBLE&#8221;"},"content":{"rendered":"\n<p><strong>\u00bfQU\u00c9 ES EL D\u00cdA MUNDIAL DEL AGUA ?<\/strong><br> El D\u00eda Mundial del Agua es el 22 de marzo de cada a\u00f1o. Es una celebraci\u00f3n anual de las Naciones Unidas, iniciada en 1993, que celebra el agua y crea conciencia sobre los 2 mil millones de personas que actualmente viven sin acceso a agua potable. Un enfoque central del D\u00eda Mundial del Agua es inspirar la acci\u00f3n hacia el Objetivo de Desarrollo Sostenible (ODS) 6: agua y saneamiento para todos para 2030.<\/p>\n\n\n\n<p><strong>AGUA SUBTERR\u00c1NEA \u2013 HACIENDO VISIBLE LO INVISIBLE<\/strong><br>El agua subterr\u00e1nea es invisible, pero su impacto es visible en todas partes. Fuera de la vista, bajo nuestros pies, el agua subterr\u00e1nea es un tesoro escondido que enriquece nuestras vidas. En las partes m\u00e1s secas del mundo, puede ser la \u00fanica agua que tiene la gente.<br>Casi toda el agua dulce l\u00edquida del mundo es agua subterr\u00e1nea, que sustenta los suministros de agua potable, los sistemas de saneamiento, la agricultura, la industria y los ecosistemas. En muchos lugares, las actividades humanas sobreexplotan y contaminan las aguas subterr\u00e1neas. En otros lugares, simplemente no sabemos cu\u00e1nta agua hay all\u00ed.<br>El agua subterr\u00e1nea desempe\u00f1ar\u00e1 un papel fundamental en la adaptaci\u00f3n al cambio clim\u00e1tico. Necesitamos trabajar juntos para gestionar de forma sostenible este preciado recurso.<\/p>\n\n\n\n<p>Con motivo de conmemorar esta fecha tan importante para la humanidad como lo es el \u201cD\u00eda Mundial del Agua\u201d, EMAPA-EP Daule (Empresa P\u00fablica Municipal de Agua Potable y Alcantarillado de Daule), celebra este d\u00eda y se une con profesionales e instituciones para presentar trabajos, experiencias y temas de trascendencia en lo que respeta a la calidad del Agua con el fin de impartir conocimiento y contribuir e impulsar el desarrollo del medio ambiente en el Cant\u00f3n Daule.<\/p>\n\n\n\n<p>&nbsp;<strong>Dentro del contenido del Simposio se presentar\u00e1n temas como:<\/strong><\/p>\n\n\n\n<p><strong>* \u201cFUENTES SUBTERRANEAS\u201d<\/strong> a cargo del ponente Ing. Christian Salazar Corrales de la Agencia de Regulaci\u00f3n y Control del Agua ARCA.<\/p>\n\n\n\n<p><strong>* \u201cCONSTRUCI\u00d3N, OPERACI\u00d3N Y MANTENIMIENTO DE LAS FUENTES SUBTERRANEAS\u201d <\/strong>a cargo del ponente Ing. Rafael Alulema de la Empresa P\u00fablica Metropolitana de Agua Potable y Saneamiento de Quito.<\/p>\n\n\n\n<p>*<strong>\u201cPLAN MAESTRO EN SISTEMAS DE AGUA POTABLE, ALCANTARILLADO Y RESIDUAL\u201d<\/strong> a cargo del ponente Ing. Jorge Delgado de la empresa INTERAGUA \/ VEOLIA.<\/p>\n\n\n\n<p><strong>*\u201cPLAN PILOTO CON MEDIDORES DE ULTIMA GENERACI\u00d3N\u201d<\/strong> a cargo del ponente Ing. V\u00edctor Chan de la empresa FLEXMAN.<\/p>\n\n\n\n<p><strong> * \u201cREUSO SEGURO DEL AGUA EN EL MARCO DEL DESARROLLO SOSTENIBLE\u201d<\/strong> a cargo del ponente Ing. Rafael Dautant de la Asociaci\u00f3n Interamericana de Ingenier\u00eda Sanitaria y Ambiental ( AIDIS).<\/p>\n\n\n\n<p style=\"text-align: center\">\n<iframe loading=\"lazy\" width=\"560\" height=\"315\" src=\"https:\/\/www.youtube.com\/embed\/bcT-YbpaZ6M?controls=0\" title=\"YouTube video player\" frameborder=\"0\" allow=\"accelerometer; autoplay; clipboard-write; encrypted-media; gyroscope; picture-in-picture\" allowfullscreen><\/iframe>\n<\/p>\n","protected":false},"excerpt":{"rendered":"<p>\u00bfQU\u00c9 ES EL D\u00cdA MUNDIAL DEL AGUA ? El D\u00eda Mundial del Agua es el 22 de marzo de cada a\u00f1o. Es una celebraci\u00f3n anual de las Naciones Unidas, iniciada en 1993, que celebra el agua y crea conciencia sobre los 2 mil millones de personas que actualmente viven sin<\/p>\n","protected":false},"author":1,"featured_media":2505,"comment_status":"closed","ping_status":"closed","sticky":false,"template":"","format":"standard","meta":{"_jetpack_memberships_contains_paid_content":false,"footnotes":""},"categories":[23,84],"tags":[],"class_list":["post-2496","post","type-post","status-publish","format-standard","has-post-thumbnail","hentry","category-beneficios","category-noticias"],"featured_image_src":"https:\/\/www.emapadaule.gob.ec\/web\/wp-content\/uploads\/2022\/03\/dia_mundial_agua_2_simposio_cuted_margin.png","author_info":{"display_name":"Emapa EP Daule","author_link":"https:\/\/www.emapadaule.gob.ec\/web\/author\/comercializacion\/"},"jetpack_featured_media_url":"https:\/\/www.emapadaule.gob.ec\/web\/wp-content\/uploads\/2022\/03\/dia_mundial_agua_2_simposio_cuted_margin.png","jetpack_sharing_enabled":true,"_links":{"self":[{"href":"https:\/\/www.emapadaule.gob.ec\/web\/wp-json\/wp\/v2\/posts\/2496","targetHints":{"allow":["GET"]}}],"collection":[{"href":"https:\/\/www.emapadaule.gob.ec\/web\/wp-json\/wp\/v2\/posts"}],"about":[{"href":"https:\/\/www.emapadaule.gob.ec\/web\/wp-json\/wp\/v2\/types\/post"}],"author":[{"embeddable":true,"href":"https:\/\/www.emapadaule.gob.ec\/web\/wp-json\/wp\/v2\/users\/1"}],"replies":[{"embeddable":true,"href":"https:\/\/www.emapadaule.gob.ec\/web\/wp-json\/wp\/v2\/comments?post=2496"}],"version-history":[{"count":4,"href":"https:\/\/www.emapadaule.gob.ec\/web\/wp-json\/wp\/v2\/posts\/2496\/revisions"}],"predecessor-version":[{"id":2507,"href":"https:\/\/www.emapadaule.gob.ec\/web\/wp-json\/wp\/v2\/posts\/2496\/revisions\/2507"}],"wp:featuredmedia":[{"embeddable":true,"href":"https:\/\/www.emapadaule.gob.ec\/web\/wp-json\/wp\/v2\/media\/2505"}],"wp:attachment":[{"href":"https:\/\/www.emapadaule.gob.ec\/web\/wp-json\/wp\/v2\/media?parent=2496"}],"wp:term":[{"taxonomy":"category","embeddable":true,"href":"https:\/\/www.emapadaule.gob.ec\/web\/wp-json\/wp\/v2\/categories?post=2496"},{"taxonomy":"post_tag","embeddable":true,"href":"https:\/\/www.emapadaule.gob.ec\/web\/wp-json\/wp\/v2\/tags?post=2496"}],"curies":[{"name":"wp","href":"https:\/\/api.w.org\/{rel}","templated":true}]}}