{"id":2543,"date":"2023-03-02T10:27:57","date_gmt":"2023-03-02T15:27:57","guid":{"rendered":"https:\/\/www.emapadaule.gob.ec\/web\/?p=2543"},"modified":"2023-03-23T12:48:48","modified_gmt":"2023-03-23T17:48:48","slug":"dia-mundial-del-agua-2023-acelerar-el-cambio","status":"publish","type":"post","link":"https:\/\/www.emapadaule.gob.ec\/web\/dia-mundial-del-agua-2023-acelerar-el-cambio\/","title":{"rendered":"DIA MUNDIAL DEL AGUA &#8220;2023 ACELERAR EL CAMBIO&#8221;"},"content":{"rendered":"\n<p>El D\u00eda Mundial del Agua es una oportunidad \u00fanica en la vida para unirnos en favor del agua y acelerar juntos los avances en esta esfera. Aporta tu granito de arena haciendo lo que est\u00e9 al alcance de tu mano. <br>A continuaci\u00f3n encontrar\u00e1s un breve resumen de lo que realmente supone la crisis del agua y el saneamiento. <\/p>\n\n\n\n<p><strong>\u00bfQu\u00e9 es la crisis mundial del agua y saneamiento?<\/strong><br>Puede que, cuando se oye hablar de la crisis del agua y el saneamiento, sea dif\u00edcil imaginarse lo que supone a nivel mundial. Los datos y las estad\u00edsticas son importantes, pero pueden despersonalizar esta crisis y desalentar a la gente a actuar. <br>As\u00ed pues, \u00bfQu\u00e9 pasar\u00eda si aplic\u00e1semos esta situaci\u00f3n de crisis mundial a una comunidad de tan solo 100 personas? <br>Un total de 25 personas tendr\u00edan que recoger agua insalubre de un arroyo o estanque, que por lo general estar\u00eda muy alejado, o bien tendr\u00edan que hacer cola durante horas y pagar un alto precio a un vendedor. De forma sistem\u00e1tica, el agua les har\u00eda enfermar tanto que no podr\u00edan ir al trabajo o a la escuela. La muerte por enfermedades totalmente evitables, como el c\u00f3lera o la fiebre tifoidea, ser\u00eda un peligro constante. <br><\/p>\n\n\n\n<p>Un total de 22 personas no tendr\u00edan m\u00e1s remedio que hacer sus necesidades en la calle, en los arbustos o en el campo, o se ver\u00edan obligadas a utilizar letrinas antihigi\u00e9nicas y deficientes.<br>Un total de 46 personas vivir\u00edan en \u00e1reas vulnerables a enfermedades porque las aguas residuales y heces volver\u00edan a la naturaleza sin ser tratadas. Las otras 54 personas, que dispondr\u00edan de retretes seguros conectados a sistemas que tratar\u00edan los residuos de forma segura, no ser\u00edan conscientes de la importancia de los servicios de saneamiento para proteger la salud y el bienestar. <br>Aproximadamente la mitad de los humedales situados en los alrededores de la comunidad habr\u00edan desaparecido en las \u00faltimas d\u00e9cadas, lo que aumentar\u00eda el riesgo de inundaciones. <\/p>\n\n\n\n<p>La agricultura y las industrias de los alrededores consumir\u00edan m\u00e1s del 80% del agua disponible. A causa del cambio clim\u00e1tico, las sequ\u00edas afectar\u00edan cada vez m\u00e1s a los recursos h\u00eddricos y al suministro de alimentos. Las inundaciones amenazar\u00edan con destruir las instalaciones relacionadas con el agua y el saneamiento, y contaminar los recursos h\u00eddricos.<br>Los miembros m\u00e1s pobres y vulnerables de la comunidad, que se ver\u00edan desproporcionadamente afectados por la crisis, se enfrentar\u00edan a los mayores desaf\u00edos para conseguir una respuesta de las autoridades que supusiera la mejora de los servicios de agua y saneamiento. <\/p>\n\n\n\n<p><strong>\u00bfQu\u00e9 puedo hacer para contribuir a acelerar el cambio?<\/strong><br>El D\u00eda Mundial del Agua 2023 insta a las personas a que \u201csean el cambio que quieren ver en el mundo\u201d.  A partir de una antigua f\u00e1bula procedente del pueblo quechua del Per\u00fa, en la que un colibr\u00ed transporta gotas de agua para extinguir un gran incendio, la campa\u00f1a anima a las personas a aportar su granito de arena para contribuir a resolver la crisis del agua y el saneamiento.<br>Inf\u00f3rmate sobre la crisis del agua, el saneamiento y m\u00e1s registr\u00e1ndote en nuestro III Simposio del D\u00eda del Agua <a href=\"https:\/\/www.emapadaule.gob.ec\/web\/evento\/iii-simposio-dia-mundial-del-agua\/\">https:\/\/www.emapadaule.gob.ec\/web\/evento\/iii-simposio-dia-mundial-del-agua\/<\/a><br><\/p>\n\n\n\n<figure class=\"wp-block-embed-youtube aligncenter wp-block-embed is-type-video is-provider-youtube wp-embed-aspect-16-9 wp-has-aspect-ratio\"><div class=\"wp-block-embed__wrapper\">\n<iframe loading=\"lazy\" title=\"&quot;SEAMOS EL CAMBIO&quot; - RECINTO PI\u00d1AL PARROQUIA LIMONAL\" width=\"500\" height=\"281\" src=\"https:\/\/www.youtube.com\/embed\/c8BckdubdHI?feature=oembed\" frameborder=\"0\" allow=\"accelerometer; autoplay; clipboard-write; encrypted-media; gyroscope; picture-in-picture; web-share\" referrerpolicy=\"strict-origin-when-cross-origin\" allowfullscreen><\/iframe>\n<\/div><\/figure>\n\n\n\n<figure class=\"wp-block-embed-youtube aligncenter wp-block-embed is-type-video is-provider-youtube wp-embed-aspect-16-9 wp-has-aspect-ratio\"><div class=\"wp-block-embed__wrapper\">\n<iframe loading=\"lazy\" title=\"D\u00cdA MUNDIAL DEL AGUA 2023 - SE PARTE DEL CAMBIO\" width=\"500\" height=\"281\" src=\"https:\/\/www.youtube.com\/embed\/Stlt0PvcrlY?feature=oembed\" frameborder=\"0\" allow=\"accelerometer; autoplay; clipboard-write; encrypted-media; gyroscope; picture-in-picture; web-share\" referrerpolicy=\"strict-origin-when-cross-origin\" allowfullscreen><\/iframe>\n<\/div><\/figure>\n\n\n\n<p><\/p>\n","protected":false},"excerpt":{"rendered":"<p>El D\u00eda Mundial del Agua es una oportunidad \u00fanica en la vida para unirnos en favor del agua y acelerar juntos los avances en esta esfera. Aporta tu granito de arena haciendo lo que est\u00e9 al alcance de tu mano. A continuaci\u00f3n encontrar\u00e1s un breve resumen de lo que realmente<\/p>\n","protected":false},"author":1,"featured_media":2544,"comment_status":"closed","ping_status":"closed","sticky":false,"template":"","format":"standard","meta":{"_jetpack_memberships_contains_paid_content":false,"footnotes":""},"categories":[21,23,84],"tags":[],"class_list":["post-2543","post","type-post","status-publish","format-standard","has-post-thumbnail","hentry","category-ahorro_agua","category-beneficios","category-noticias"],"featured_image_src":"https:\/\/www.emapadaule.gob.ec\/web\/wp-content\/uploads\/2023\/03\/WWD-2023-thematic-logos_SPA-01-e1677776469917.png","author_info":{"display_name":"Emapa EP Daule","author_link":"https:\/\/www.emapadaule.gob.ec\/web\/author\/comercializacion\/"},"jetpack_featured_media_url":"https:\/\/www.emapadaule.gob.ec\/web\/wp-content\/uploads\/2023\/03\/WWD-2023-thematic-logos_SPA-01-e1677776469917.png","jetpack_sharing_enabled":true,"_links":{"self":[{"href":"https:\/\/www.emapadaule.gob.ec\/web\/wp-json\/wp\/v2\/posts\/2543","targetHints":{"allow":["GET"]}}],"collection":[{"href":"https:\/\/www.emapadaule.gob.ec\/web\/wp-json\/wp\/v2\/posts"}],"about":[{"href":"https:\/\/www.emapadaule.gob.ec\/web\/wp-json\/wp\/v2\/types\/post"}],"author":[{"embeddable":true,"href":"https:\/\/www.emapadaule.gob.ec\/web\/wp-json\/wp\/v2\/users\/1"}],"replies":[{"embeddable":true,"href":"https:\/\/www.emapadaule.gob.ec\/web\/wp-json\/wp\/v2\/comments?post=2543"}],"version-history":[{"count":9,"href":"https:\/\/www.emapadaule.gob.ec\/web\/wp-json\/wp\/v2\/posts\/2543\/revisions"}],"predecessor-version":[{"id":2607,"href":"https:\/\/www.emapadaule.gob.ec\/web\/wp-json\/wp\/v2\/posts\/2543\/revisions\/2607"}],"wp:featuredmedia":[{"embeddable":true,"href":"https:\/\/www.emapadaule.gob.ec\/web\/wp-json\/wp\/v2\/media\/2544"}],"wp:attachment":[{"href":"https:\/\/www.emapadaule.gob.ec\/web\/wp-json\/wp\/v2\/media?parent=2543"}],"wp:term":[{"taxonomy":"category","embeddable":true,"href":"https:\/\/www.emapadaule.gob.ec\/web\/wp-json\/wp\/v2\/categories?post=2543"},{"taxonomy":"post_tag","embeddable":true,"href":"https:\/\/www.emapadaule.gob.ec\/web\/wp-json\/wp\/v2\/tags?post=2543"}],"curies":[{"name":"wp","href":"https:\/\/api.w.org\/{rel}","templated":true}]}}