{"id":313,"date":"2018-04-24T06:27:08","date_gmt":"2018-04-24T06:27:08","guid":{"rendered":"http:\/\/192.168.1.209\/digitech\/?p=17"},"modified":"2023-12-06T15:32:36","modified_gmt":"2023-12-06T20:32:36","slug":"praesent-imperdiet","status":"publish","type":"post","link":"https:\/\/www.emapadaule.gob.ec\/web\/praesent-imperdiet\/","title":{"rendered":"\u00bfC\u00f3mo calcular el consumo mensual de mi medidor?"},"content":{"rendered":"<p><iframe loading=\"lazy\" title=\"Sabes c\u00f3mo realizar la lectura de tu medidor\" width=\"500\" height=\"281\" src=\"https:\/\/www.youtube.com\/embed\/NeWOBxFp9QU?feature=oembed\" frameborder=\"0\" allow=\"accelerometer; autoplay; clipboard-write; encrypted-media; gyroscope; picture-in-picture; web-share\" referrerpolicy=\"strict-origin-when-cross-origin\" allowfullscreen><\/iframe><\/p>\n<p>La empresa toma lectura mensual de su medidor para registrar su consumo, pero un usuario precavido siempre conoce el valor de su consumo.<br \/>\n<!--more--><\/p>\n<blockquote><p>El medidor consta de un medidor de flujo con manecillas y un contador con n\u00fameros en negro y rojo. Lo n\u00fameros en rojo son los litros y los n\u00fameros en negro son los metros c\u00fabicos consumidos, que son las cifras consideradas para la facturaci\u00f3n.<\/p><\/blockquote>\n<p>Si usted desea calcular su consumo mensual, deber\u00e1 realizar dos lecturas y la resta entre ellas corresponder\u00e1 al consumo del periodo, por ejemplo: Si usted lee su medidor el 1 de agosto y la lectura es 1610 y la nueva lectura la toma el 1 de septiembre y es 1665, significa que usted consumi\u00f3 55 metros c\u00fabicos en 31 d\u00edas de consumo. Es decir que los 55 metros c\u00fabicos le ser\u00e1n facturados en ese periodo.<\/p>\n","protected":false},"excerpt":{"rendered":"<p>La empresa toma lectura mensual de su medidor para registrar su consumo, pero un usuario precavido siempre conoce el valor de su consumo.<\/p>\n","protected":false},"author":1,"featured_media":1229,"comment_status":"closed","ping_status":"closed","sticky":false,"template":"","format":"standard","meta":{"_jetpack_memberships_contains_paid_content":false,"footnotes":""},"categories":[18],"tags":[],"class_list":["post-313","post","type-post","status-publish","format-standard","has-post-thumbnail","hentry","category-reclamos"],"featured_image_src":"https:\/\/www.emapadaule.gob.ec\/web\/wp-content\/uploads\/2018\/04\/Como-Leer-el-medidor_2.jpg","author_info":{"display_name":"Emapa EP Daule","author_link":"https:\/\/www.emapadaule.gob.ec\/web\/author\/comercializacion\/"},"jetpack_featured_media_url":"https:\/\/www.emapadaule.gob.ec\/web\/wp-content\/uploads\/2018\/04\/Como-Leer-el-medidor_2.jpg","jetpack_sharing_enabled":true,"_links":{"self":[{"href":"https:\/\/www.emapadaule.gob.ec\/web\/wp-json\/wp\/v2\/posts\/313","targetHints":{"allow":["GET"]}}],"collection":[{"href":"https:\/\/www.emapadaule.gob.ec\/web\/wp-json\/wp\/v2\/posts"}],"about":[{"href":"https:\/\/www.emapadaule.gob.ec\/web\/wp-json\/wp\/v2\/types\/post"}],"author":[{"embeddable":true,"href":"https:\/\/www.emapadaule.gob.ec\/web\/wp-json\/wp\/v2\/users\/1"}],"replies":[{"embeddable":true,"href":"https:\/\/www.emapadaule.gob.ec\/web\/wp-json\/wp\/v2\/comments?post=313"}],"version-history":[{"count":5,"href":"https:\/\/www.emapadaule.gob.ec\/web\/wp-json\/wp\/v2\/posts\/313\/revisions"}],"predecessor-version":[{"id":1580,"href":"https:\/\/www.emapadaule.gob.ec\/web\/wp-json\/wp\/v2\/posts\/313\/revisions\/1580"}],"wp:featuredmedia":[{"embeddable":true,"href":"https:\/\/www.emapadaule.gob.ec\/web\/wp-json\/wp\/v2\/media\/1229"}],"wp:attachment":[{"href":"https:\/\/www.emapadaule.gob.ec\/web\/wp-json\/wp\/v2\/media?parent=313"}],"wp:term":[{"taxonomy":"category","embeddable":true,"href":"https:\/\/www.emapadaule.gob.ec\/web\/wp-json\/wp\/v2\/categories?post=313"},{"taxonomy":"post_tag","embeddable":true,"href":"https:\/\/www.emapadaule.gob.ec\/web\/wp-json\/wp\/v2\/tags?post=313"}],"curies":[{"name":"wp","href":"https:\/\/api.w.org\/{rel}","templated":true}]}}